{"id":1132,"date":"2026-04-18T15:27:32","date_gmt":"2026-04-18T15:27:32","guid":{"rendered":"https:\/\/www.la-chaumiere-normande.fr\/?p=1132"},"modified":"2026-04-18T15:27:33","modified_gmt":"2026-04-18T15:27:33","slug":"chateau-de-miromesnil-1h-94km","status":"publish","type":"post","link":"https:\/\/www.la-chaumiere-normande.fr\/fr\/archives\/1132","title":{"rendered":"Ch\u00e2teau de Miromesnil (1h\/94km)"},"content":{"rendered":"\n<p>Le <strong>Ch\u00e2teau de Miromesnil<\/strong>, situ\u00e9 pr\u00e8s de Dieppe, est c\u00e9l\u00e8bre pour avoir vu na\u00eetre <strong>Guy de Maupassant<\/strong>, dont la m\u00e9moire habite encore les salons du ch\u00e2teau. Les visiteurs peuvent y d\u00e9couvrir un <strong>potager remarquable<\/strong>, une <strong>chapelle m\u00e9di\u00e9vale<\/strong> et un parc arbor\u00e9 de plusieurs milliers d\u2019arbres, offrant une promenade pleine de charme et d\u2019histoire.<\/p>\n\n\n\n<p>Consultez le site web pour les heures de visite. La visite du ch\u00e2teau se fait \u00e0 certaines heures pr\u00e9cises, accompagn\u00e9e d&#8217;un guide.<\/p>\n\n\n\n<div class=\"wp-block-buttons is-layout-flex wp-block-buttons-is-layout-flex\">\n<div class=\"wp-block-button\"><a class=\"wp-block-button__link wp-element-button\" href=\"https:\/\/www.chateaumiromesnil.com\/infos-pratiques\/\" target=\"_blank\" rel=\"noreferrer noopener\">Site du ch\u00e2teau et informations pratiques<\/a><\/div>\n<\/div>\n","protected":false},"excerpt":{"rendered":"<p>Le Ch\u00e2teau de Miromesnil, situ\u00e9 pr\u00e8s de Dieppe, est c\u00e9l\u00e8bre pour avoir vu na\u00eetre Guy de Maupassant, dont la m\u00e9moire habite encore les salons du ch\u00e2teau. Les visiteurs peuvent y d\u00e9couvrir un potager remarquable, une chapelle m\u00e9di\u00e9vale et un parc arbor\u00e9 de plusieurs milliers d\u2019arbres, offrant une promenade pleine de charme et d\u2019histoire. Consultez le &hellip; <\/p>\n<p class=\"link-more\"><a href=\"https:\/\/www.la-chaumiere-normande.fr\/fr\/archives\/1132\" class=\"more-link\"><span class=\"screen-reader-text\"> prova &#8220;Ch\u00e2teau de Miromesnil (1h\/94km)&#8221;<\/span><\/a><\/p>\n","protected":false},"author":1,"featured_media":1133,"comment_status":"closed","ping_status":"open","sticky":false,"template":"","format":"standard","meta":{"footnotes":""},"categories":[11],"tags":[],"class_list":["post-1132","post","type-post","status-publish","format-standard","has-post-thumbnail","hentry","category-sites-a-decouvrir"],"yoast_head":"<!-- This site is optimized with the Yoast SEO plugin v22.5 - https:\/\/yoast.com\/wordpress\/plugins\/seo\/ -->\n<title>Ch\u00e2teau de Miromesnil (1h\/94km) - La Chaumiere Normande<\/title>\n<meta name=\"robots\" content=\"index, follow, max-snippet:-1, max-image-preview:large, max-video-preview:-1\" \/>\n<link rel=\"canonical\" href=\"https:\/\/www.la-chaumiere-normande.fr\/fr\/archives\/1132\/\" \/>\n<meta property=\"og:locale\" content=\"fr_FR\" \/>\n<meta property=\"og:type\" content=\"article\" \/>\n<meta property=\"og:title\" content=\"Ch\u00e2teau de Miromesnil (1h\/94km) - La Chaumiere Normande\" \/>\n<meta property=\"og:description\" content=\"Le Ch\u00e2teau de Miromesnil, situ\u00e9 pr\u00e8s de Dieppe, est c\u00e9l\u00e8bre pour avoir vu na\u00eetre Guy de Maupassant, dont la m\u00e9moire habite encore les salons du ch\u00e2teau. Les visiteurs peuvent y d\u00e9couvrir un potager remarquable, une chapelle m\u00e9di\u00e9vale et un parc arbor\u00e9 de plusieurs milliers d\u2019arbres, offrant une promenade pleine de charme et d\u2019histoire. Consultez le &hellip; prova &quot;Ch\u00e2teau de Miromesnil (1h\/94km)&quot;\" \/>\n<meta property=\"og:url\" content=\"https:\/\/www.la-chaumiere-normande.fr\/fr\/archives\/1132\/\" \/>\n<meta property=\"og:site_name\" content=\"La Chaumiere Normande\" \/>\n<meta property=\"article:published_time\" content=\"2026-04-18T15:27:32+00:00\" \/>\n<meta property=\"article:modified_time\" content=\"2026-04-18T15:27:33+00:00\" \/>\n<meta property=\"og:image\" content=\"https:\/\/www.la-chaumiere-normande.fr\/wp-content\/uploads\/2026\/04\/miromesnil.jpg\" \/>\n\t<meta property=\"og:image:width\" content=\"300\" \/>\n\t<meta property=\"og:image:height\" content=\"180\" \/>\n\t<meta property=\"og:image:type\" content=\"image\/jpeg\" \/>\n<meta name=\"author\" content=\"la-chaumiere-normande\" \/>\n<meta name=\"twitter:card\" content=\"summary_large_image\" \/>\n<meta name=\"twitter:label1\" content=\"\u00c9crit par\" \/>\n\t<meta name=\"twitter:data1\" content=\"la-chaumiere-normande\" \/>\n\t<meta name=\"twitter:label2\" content=\"Dur\u00e9e de lecture estim\u00e9e\" \/>\n\t<meta name=\"twitter:data2\" content=\"1 minute\" \/>\n<script type=\"application\/ld+json\" class=\"yoast-schema-graph\">{\"@context\":\"https:\/\/schema.org\",\"@graph\":[{\"@type\":\"Article\",\"@id\":\"https:\/\/www.la-chaumiere-normande.fr\/archives\/1132#article\",\"isPartOf\":{\"@id\":\"https:\/\/www.la-chaumiere-normande.fr\/archives\/1132\"},\"author\":{\"name\":\"la-chaumiere-normande\",\"@id\":\"https:\/\/www.la-chaumiere-normande.fr\/fr\/#\/schema\/person\/d5acf5c76ba1e6576918a1a73dd18fce\"},\"headline\":\"Ch\u00e2teau de Miromesnil (1h\/94km)\",\"datePublished\":\"2026-04-18T15:27:32+00:00\",\"dateModified\":\"2026-04-18T15:27:33+00:00\",\"mainEntityOfPage\":{\"@id\":\"https:\/\/www.la-chaumiere-normande.fr\/archives\/1132\"},\"wordCount\":103,\"publisher\":{\"@id\":\"https:\/\/www.la-chaumiere-normande.fr\/fr\/#organization\"},\"image\":{\"@id\":\"https:\/\/www.la-chaumiere-normande.fr\/archives\/1132#primaryimage\"},\"thumbnailUrl\":\"https:\/\/www.la-chaumiere-normande.fr\/wp-content\/uploads\/2026\/04\/miromesnil.jpg\",\"articleSection\":[\"Sites \u00e0 d\u00e9couvrir\"],\"inLanguage\":\"fr-FR\"},{\"@type\":\"WebPage\",\"@id\":\"https:\/\/www.la-chaumiere-normande.fr\/archives\/1132\",\"url\":\"https:\/\/www.la-chaumiere-normande.fr\/archives\/1132\",\"name\":\"Ch\u00e2teau de Miromesnil (1h\/94km) - La Chaumiere Normande\",\"isPartOf\":{\"@id\":\"https:\/\/www.la-chaumiere-normande.fr\/fr\/#website\"},\"primaryImageOfPage\":{\"@id\":\"https:\/\/www.la-chaumiere-normande.fr\/archives\/1132#primaryimage\"},\"image\":{\"@id\":\"https:\/\/www.la-chaumiere-normande.fr\/archives\/1132#primaryimage\"},\"thumbnailUrl\":\"https:\/\/www.la-chaumiere-normande.fr\/wp-content\/uploads\/2026\/04\/miromesnil.jpg\",\"datePublished\":\"2026-04-18T15:27:32+00:00\",\"dateModified\":\"2026-04-18T15:27:33+00:00\",\"breadcrumb\":{\"@id\":\"https:\/\/www.la-chaumiere-normande.fr\/archives\/1132#breadcrumb\"},\"inLanguage\":\"fr-FR\",\"potentialAction\":[{\"@type\":\"ReadAction\",\"target\":[\"https:\/\/www.la-chaumiere-normande.fr\/archives\/1132\"]}]},{\"@type\":\"ImageObject\",\"inLanguage\":\"fr-FR\",\"@id\":\"https:\/\/www.la-chaumiere-normande.fr\/archives\/1132#primaryimage\",\"url\":\"https:\/\/www.la-chaumiere-normande.fr\/wp-content\/uploads\/2026\/04\/miromesnil.jpg\",\"contentUrl\":\"https:\/\/www.la-chaumiere-normande.fr\/wp-content\/uploads\/2026\/04\/miromesnil.jpg\",\"width\":300,\"height\":180},{\"@type\":\"BreadcrumbList\",\"@id\":\"https:\/\/www.la-chaumiere-normande.fr\/archives\/1132#breadcrumb\",\"itemListElement\":[{\"@type\":\"ListItem\",\"position\":1,\"name\":\"Home\",\"item\":\"https:\/\/www.la-chaumiere-normande.fr\/\"},{\"@type\":\"ListItem\",\"position\":2,\"name\":\"Ch\u00e2teau de Miromesnil (1h\/94km)\"}]},{\"@type\":\"WebSite\",\"@id\":\"https:\/\/www.la-chaumiere-normande.fr\/fr\/#website\",\"url\":\"https:\/\/www.la-chaumiere-normande.fr\/fr\/\",\"name\":\"La Chaumiere Normande\",\"description\":\"\",\"publisher\":{\"@id\":\"https:\/\/www.la-chaumiere-normande.fr\/fr\/#organization\"},\"potentialAction\":[{\"@type\":\"SearchAction\",\"target\":{\"@type\":\"EntryPoint\",\"urlTemplate\":\"https:\/\/www.la-chaumiere-normande.fr\/fr\/?s={search_term_string}\"},\"query-input\":\"required name=search_term_string\"}],\"inLanguage\":\"fr-FR\"},{\"@type\":\"Organization\",\"@id\":\"https:\/\/www.la-chaumiere-normande.fr\/fr\/#organization\",\"name\":\"La Chaumiere Normande\",\"url\":\"https:\/\/www.la-chaumiere-normande.fr\/fr\/\",\"logo\":{\"@type\":\"ImageObject\",\"inLanguage\":\"fr-FR\",\"@id\":\"https:\/\/www.la-chaumiere-normande.fr\/fr\/#\/schema\/logo\/image\/\",\"url\":\"https:\/\/www.la-chaumiere-normande.fr\/wp-content\/uploads\/2023\/12\/cropped-logo_website.png\",\"contentUrl\":\"https:\/\/www.la-chaumiere-normande.fr\/wp-content\/uploads\/2023\/12\/cropped-logo_website.png\",\"width\":202,\"height\":150,\"caption\":\"La Chaumiere Normande\"},\"image\":{\"@id\":\"https:\/\/www.la-chaumiere-normande.fr\/fr\/#\/schema\/logo\/image\/\"}},{\"@type\":\"Person\",\"@id\":\"https:\/\/www.la-chaumiere-normande.fr\/fr\/#\/schema\/person\/d5acf5c76ba1e6576918a1a73dd18fce\",\"name\":\"la-chaumiere-normande\",\"image\":{\"@type\":\"ImageObject\",\"inLanguage\":\"fr-FR\",\"@id\":\"https:\/\/www.la-chaumiere-normande.fr\/fr\/#\/schema\/person\/image\/\",\"url\":\"https:\/\/secure.gravatar.com\/avatar\/740baff0b20f00e016bbb04c7cdc51509cab6ef8e638acee6e5c6ee2fba1b301?s=96&d=mm&r=g\",\"contentUrl\":\"https:\/\/secure.gravatar.com\/avatar\/740baff0b20f00e016bbb04c7cdc51509cab6ef8e638acee6e5c6ee2fba1b301?s=96&d=mm&r=g\",\"caption\":\"la-chaumiere-normande\"},\"sameAs\":[\"https:\/\/www.la-chaumiere-normande.fr\"],\"url\":\"https:\/\/www.la-chaumiere-normande.fr\/fr\/archives\/author\/chaumiere-admin\"}]}<\/script>\n<!-- \/ Yoast SEO plugin. -->","yoast_head_json":{"title":"Ch\u00e2teau de Miromesnil (1h\/94km) - La Chaumiere Normande","robots":{"index":"index","follow":"follow","max-snippet":"max-snippet:-1","max-image-preview":"max-image-preview:large","max-video-preview":"max-video-preview:-1"},"canonical":"https:\/\/www.la-chaumiere-normande.fr\/fr\/archives\/1132\/","og_locale":"fr_FR","og_type":"article","og_title":"Ch\u00e2teau de Miromesnil (1h\/94km) - La Chaumiere Normande","og_description":"Le Ch\u00e2teau de Miromesnil, situ\u00e9 pr\u00e8s de Dieppe, est c\u00e9l\u00e8bre pour avoir vu na\u00eetre Guy de Maupassant, dont la m\u00e9moire habite encore les salons du ch\u00e2teau. Les visiteurs peuvent y d\u00e9couvrir un potager remarquable, une chapelle m\u00e9di\u00e9vale et un parc arbor\u00e9 de plusieurs milliers d\u2019arbres, offrant une promenade pleine de charme et d\u2019histoire. Consultez le &hellip; prova \"Ch\u00e2teau de Miromesnil (1h\/94km)\"","og_url":"https:\/\/www.la-chaumiere-normande.fr\/fr\/archives\/1132\/","og_site_name":"La Chaumiere Normande","article_published_time":"2026-04-18T15:27:32+00:00","article_modified_time":"2026-04-18T15:27:33+00:00","og_image":[{"width":300,"height":180,"url":"https:\/\/www.la-chaumiere-normande.fr\/wp-content\/uploads\/2026\/04\/miromesnil.jpg","type":"image\/jpeg"}],"author":"la-chaumiere-normande","twitter_card":"summary_large_image","twitter_misc":{"\u00c9crit par":"la-chaumiere-normande","Dur\u00e9e de lecture estim\u00e9e":"1 minute"},"schema":{"@context":"https:\/\/schema.org","@graph":[{"@type":"Article","@id":"https:\/\/www.la-chaumiere-normande.fr\/archives\/1132#article","isPartOf":{"@id":"https:\/\/www.la-chaumiere-normande.fr\/archives\/1132"},"author":{"name":"la-chaumiere-normande","@id":"https:\/\/www.la-chaumiere-normande.fr\/fr\/#\/schema\/person\/d5acf5c76ba1e6576918a1a73dd18fce"},"headline":"Ch\u00e2teau de Miromesnil (1h\/94km)","datePublished":"2026-04-18T15:27:32+00:00","dateModified":"2026-04-18T15:27:33+00:00","mainEntityOfPage":{"@id":"https:\/\/www.la-chaumiere-normande.fr\/archives\/1132"},"wordCount":103,"publisher":{"@id":"https:\/\/www.la-chaumiere-normande.fr\/fr\/#organization"},"image":{"@id":"https:\/\/www.la-chaumiere-normande.fr\/archives\/1132#primaryimage"},"thumbnailUrl":"https:\/\/www.la-chaumiere-normande.fr\/wp-content\/uploads\/2026\/04\/miromesnil.jpg","articleSection":["Sites \u00e0 d\u00e9couvrir"],"inLanguage":"fr-FR"},{"@type":"WebPage","@id":"https:\/\/www.la-chaumiere-normande.fr\/archives\/1132","url":"https:\/\/www.la-chaumiere-normande.fr\/archives\/1132","name":"Ch\u00e2teau de Miromesnil (1h\/94km) - La Chaumiere Normande","isPartOf":{"@id":"https:\/\/www.la-chaumiere-normande.fr\/fr\/#website"},"primaryImageOfPage":{"@id":"https:\/\/www.la-chaumiere-normande.fr\/archives\/1132#primaryimage"},"image":{"@id":"https:\/\/www.la-chaumiere-normande.fr\/archives\/1132#primaryimage"},"thumbnailUrl":"https:\/\/www.la-chaumiere-normande.fr\/wp-content\/uploads\/2026\/04\/miromesnil.jpg","datePublished":"2026-04-18T15:27:32+00:00","dateModified":"2026-04-18T15:27:33+00:00","breadcrumb":{"@id":"https:\/\/www.la-chaumiere-normande.fr\/archives\/1132#breadcrumb"},"inLanguage":"fr-FR","potentialAction":[{"@type":"ReadAction","target":["https:\/\/www.la-chaumiere-normande.fr\/archives\/1132"]}]},{"@type":"ImageObject","inLanguage":"fr-FR","@id":"https:\/\/www.la-chaumiere-normande.fr\/archives\/1132#primaryimage","url":"https:\/\/www.la-chaumiere-normande.fr\/wp-content\/uploads\/2026\/04\/miromesnil.jpg","contentUrl":"https:\/\/www.la-chaumiere-normande.fr\/wp-content\/uploads\/2026\/04\/miromesnil.jpg","width":300,"height":180},{"@type":"BreadcrumbList","@id":"https:\/\/www.la-chaumiere-normande.fr\/archives\/1132#breadcrumb","itemListElement":[{"@type":"ListItem","position":1,"name":"Home","item":"https:\/\/www.la-chaumiere-normande.fr\/"},{"@type":"ListItem","position":2,"name":"Ch\u00e2teau de Miromesnil (1h\/94km)"}]},{"@type":"WebSite","@id":"https:\/\/www.la-chaumiere-normande.fr\/fr\/#website","url":"https:\/\/www.la-chaumiere-normande.fr\/fr\/","name":"La Chaumiere Normande","description":"","publisher":{"@id":"https:\/\/www.la-chaumiere-normande.fr\/fr\/#organization"},"potentialAction":[{"@type":"SearchAction","target":{"@type":"EntryPoint","urlTemplate":"https:\/\/www.la-chaumiere-normande.fr\/fr\/?s={search_term_string}"},"query-input":"required name=search_term_string"}],"inLanguage":"fr-FR"},{"@type":"Organization","@id":"https:\/\/www.la-chaumiere-normande.fr\/fr\/#organization","name":"La Chaumiere Normande","url":"https:\/\/www.la-chaumiere-normande.fr\/fr\/","logo":{"@type":"ImageObject","inLanguage":"fr-FR","@id":"https:\/\/www.la-chaumiere-normande.fr\/fr\/#\/schema\/logo\/image\/","url":"https:\/\/www.la-chaumiere-normande.fr\/wp-content\/uploads\/2023\/12\/cropped-logo_website.png","contentUrl":"https:\/\/www.la-chaumiere-normande.fr\/wp-content\/uploads\/2023\/12\/cropped-logo_website.png","width":202,"height":150,"caption":"La Chaumiere Normande"},"image":{"@id":"https:\/\/www.la-chaumiere-normande.fr\/fr\/#\/schema\/logo\/image\/"}},{"@type":"Person","@id":"https:\/\/www.la-chaumiere-normande.fr\/fr\/#\/schema\/person\/d5acf5c76ba1e6576918a1a73dd18fce","name":"la-chaumiere-normande","image":{"@type":"ImageObject","inLanguage":"fr-FR","@id":"https:\/\/www.la-chaumiere-normande.fr\/fr\/#\/schema\/person\/image\/","url":"https:\/\/secure.gravatar.com\/avatar\/740baff0b20f00e016bbb04c7cdc51509cab6ef8e638acee6e5c6ee2fba1b301?s=96&d=mm&r=g","contentUrl":"https:\/\/secure.gravatar.com\/avatar\/740baff0b20f00e016bbb04c7cdc51509cab6ef8e638acee6e5c6ee2fba1b301?s=96&d=mm&r=g","caption":"la-chaumiere-normande"},"sameAs":["https:\/\/www.la-chaumiere-normande.fr"],"url":"https:\/\/www.la-chaumiere-normande.fr\/fr\/archives\/author\/chaumiere-admin"}]}},"_links":{"self":[{"href":"https:\/\/www.la-chaumiere-normande.fr\/fr\/wp-json\/wp\/v2\/posts\/1132","targetHints":{"allow":["GET"]}}],"collection":[{"href":"https:\/\/www.la-chaumiere-normande.fr\/fr\/wp-json\/wp\/v2\/posts"}],"about":[{"href":"https:\/\/www.la-chaumiere-normande.fr\/fr\/wp-json\/wp\/v2\/types\/post"}],"author":[{"embeddable":true,"href":"https:\/\/www.la-chaumiere-normande.fr\/fr\/wp-json\/wp\/v2\/users\/1"}],"replies":[{"embeddable":true,"href":"https:\/\/www.la-chaumiere-normande.fr\/fr\/wp-json\/wp\/v2\/comments?post=1132"}],"version-history":[{"count":1,"href":"https:\/\/www.la-chaumiere-normande.fr\/fr\/wp-json\/wp\/v2\/posts\/1132\/revisions"}],"predecessor-version":[{"id":1134,"href":"https:\/\/www.la-chaumiere-normande.fr\/fr\/wp-json\/wp\/v2\/posts\/1132\/revisions\/1134"}],"wp:featuredmedia":[{"embeddable":true,"href":"https:\/\/www.la-chaumiere-normande.fr\/fr\/wp-json\/wp\/v2\/media\/1133"}],"wp:attachment":[{"href":"https:\/\/www.la-chaumiere-normande.fr\/fr\/wp-json\/wp\/v2\/media?parent=1132"}],"wp:term":[{"taxonomy":"category","embeddable":true,"href":"https:\/\/www.la-chaumiere-normande.fr\/fr\/wp-json\/wp\/v2\/categories?post=1132"},{"taxonomy":"post_tag","embeddable":true,"href":"https:\/\/www.la-chaumiere-normande.fr\/fr\/wp-json\/wp\/v2\/tags?post=1132"}],"curies":[{"name":"wp","href":"https:\/\/api.w.org\/{rel}","templated":true}]}}