{"id":1080,"date":"2025-11-17T17:22:25","date_gmt":"2025-11-17T17:22:25","guid":{"rendered":"https:\/\/www.la-chaumiere-normande.fr\/?p=1080"},"modified":"2025-11-17T17:23:16","modified_gmt":"2025-11-17T17:23:16","slug":"memorial-de-caen-1h10-115km","status":"publish","type":"post","link":"https:\/\/www.la-chaumiere-normande.fr\/en\/archives\/1080","title":{"rendered":"M\u00e9morial de Caen (1h10\/115km)"},"content":{"rendered":"<p>Un des mus\u00e9es les plus proches  de la Chaumi\u00e8re sur le th\u00e8me du d\u00e9barquement et de la Seconde Guerre Mondiale que nous conseillons vivement. Expositions temporaires et permanentes. Plusieurs salles de projeciton. Il y a moyen d&#8217;y passer la journ\u00e9e. <\/p>\n\n\n\n<div class=\"wp-block-buttons is-layout-flex wp-block-buttons-is-layout-flex\">\n<div class=\"wp-block-button\"><a class=\"wp-block-button__link wp-element-button\" href=\"https:\/\/www.memorial-caen.fr\/?utm_source=google&amp;utm_medium=organic&amp;utm_campaign=gbp\" target=\"_blank\" rel=\"noreferrer noopener\">Site officiel du M\u00e9morial de Caen<\/a><\/div>\n<\/div>\n\n\n\n<p>Sur la route du retour, vous pouvez faire un crochet par le cimeti\u00e8re militaire de Banneville-La-Campagne (13 Rte de Rouen, 14940 Banneville-la-Campagne, France). Lieu de receuillement peu connu mais qui vaut certainement le d\u00e9tour. Pens\u00e9es \u00e0 tous ces jeunes tomb\u00e9s en Normandie pour d\u00e9fendre notre libert\u00e9. <\/p>\n\n\n\n<p>Un petit parking juste devant un vestige est disponible. Prenez le chemin en herbe jusqu&#8217;au cimeti\u00e8re.<\/p>","protected":false},"excerpt":{"rendered":"<p>Un des mus\u00e9es les plus proches de la Chaumi\u00e8re sur le th\u00e8me du d\u00e9barquement et de la Seconde Guerre Mondiale que nous conseillons vivement. Expositions temporaires et permanentes. Plusieurs salles de projeciton. Il y a moyen d&#8217;y passer la journ\u00e9e. Sur la route du retour, vous pouvez faire un crochet par le cimeti\u00e8re militaire de &hellip; <\/p>\n<p class=\"link-more\"><a href=\"https:\/\/www.la-chaumiere-normande.fr\/en\/archives\/1080\" class=\"more-link\"><span class=\"screen-reader-text\"> prova &#8220;M\u00e9morial de Caen (1h10\/115km)&#8221;<\/span><\/a><\/p>","protected":false},"author":1,"featured_media":1081,"comment_status":"closed","ping_status":"open","sticky":false,"template":"","format":"standard","meta":{"footnotes":""},"categories":[11],"tags":[],"class_list":["post-1080","post","type-post","status-publish","format-standard","has-post-thumbnail","hentry","category-sites-a-decouvrir"],"yoast_head":"<!-- This site is optimized with the Yoast SEO plugin v22.5 - https:\/\/yoast.com\/wordpress\/plugins\/seo\/ -->\n<title>M\u00e9morial de Caen (1h10\/115km) - La Chaumiere Normande<\/title>\n<meta name=\"robots\" content=\"index, follow, max-snippet:-1, max-image-preview:large, max-video-preview:-1\" \/>\n<link rel=\"canonical\" href=\"https:\/\/www.la-chaumiere-normande.fr\/en\/archives\/1080\/\" \/>\n<meta property=\"og:locale\" content=\"en_US\" \/>\n<meta property=\"og:type\" content=\"article\" \/>\n<meta property=\"og:title\" content=\"M\u00e9morial de Caen (1h10\/115km) - La Chaumiere Normande\" \/>\n<meta property=\"og:description\" content=\"Un des mus\u00e9es les plus proches de la Chaumi\u00e8re sur le th\u00e8me du d\u00e9barquement et de la Seconde Guerre Mondiale que nous conseillons vivement. Expositions temporaires et permanentes. Plusieurs salles de projeciton. Il y a moyen d&#8217;y passer la journ\u00e9e. Sur la route du retour, vous pouvez faire un crochet par le cimeti\u00e8re militaire de &hellip; prova &quot;M\u00e9morial de Caen (1h10\/115km)&quot;\" \/>\n<meta property=\"og:url\" content=\"https:\/\/www.la-chaumiere-normande.fr\/en\/archives\/1080\/\" \/>\n<meta property=\"og:site_name\" content=\"La Chaumiere Normande\" \/>\n<meta property=\"article:published_time\" content=\"2025-11-17T17:22:25+00:00\" \/>\n<meta property=\"article:modified_time\" content=\"2025-11-17T17:23:16+00:00\" \/>\n<meta property=\"og:image\" content=\"https:\/\/www.la-chaumiere-normande.fr\/wp-content\/uploads\/2025\/11\/memorial.jpg\" \/>\n\t<meta property=\"og:image:width\" content=\"300\" \/>\n\t<meta property=\"og:image:height\" content=\"180\" \/>\n\t<meta property=\"og:image:type\" content=\"image\/jpeg\" \/>\n<meta name=\"author\" content=\"la-chaumiere-normande\" \/>\n<meta name=\"twitter:card\" content=\"summary_large_image\" \/>\n<meta name=\"twitter:label1\" content=\"Written by\" \/>\n\t<meta name=\"twitter:data1\" content=\"la-chaumiere-normande\" \/>\n\t<meta name=\"twitter:label2\" content=\"Est. reading time\" \/>\n\t<meta name=\"twitter:data2\" content=\"1 minute\" \/>\n<script type=\"application\/ld+json\" class=\"yoast-schema-graph\">{\"@context\":\"https:\/\/schema.org\",\"@graph\":[{\"@type\":\"Article\",\"@id\":\"https:\/\/www.la-chaumiere-normande.fr\/archives\/1080#article\",\"isPartOf\":{\"@id\":\"https:\/\/www.la-chaumiere-normande.fr\/archives\/1080\"},\"author\":{\"name\":\"la-chaumiere-normande\",\"@id\":\"https:\/\/www.la-chaumiere-normande.fr\/fr\/#\/schema\/person\/d5acf5c76ba1e6576918a1a73dd18fce\"},\"headline\":\"M\u00e9morial de Caen (1h10\/115km)\",\"datePublished\":\"2025-11-17T17:22:25+00:00\",\"dateModified\":\"2025-11-17T17:23:16+00:00\",\"mainEntityOfPage\":{\"@id\":\"https:\/\/www.la-chaumiere-normande.fr\/archives\/1080\"},\"wordCount\":125,\"publisher\":{\"@id\":\"https:\/\/www.la-chaumiere-normande.fr\/fr\/#organization\"},\"image\":{\"@id\":\"https:\/\/www.la-chaumiere-normande.fr\/archives\/1080#primaryimage\"},\"thumbnailUrl\":\"https:\/\/www.la-chaumiere-normande.fr\/wp-content\/uploads\/2025\/11\/memorial.jpg\",\"articleSection\":[\"Sites \u00e0 d\u00e9couvrir\"],\"inLanguage\":\"en-US\"},{\"@type\":\"WebPage\",\"@id\":\"https:\/\/www.la-chaumiere-normande.fr\/archives\/1080\",\"url\":\"https:\/\/www.la-chaumiere-normande.fr\/archives\/1080\",\"name\":\"M\u00e9morial de Caen (1h10\/115km) - La Chaumiere Normande\",\"isPartOf\":{\"@id\":\"https:\/\/www.la-chaumiere-normande.fr\/fr\/#website\"},\"primaryImageOfPage\":{\"@id\":\"https:\/\/www.la-chaumiere-normande.fr\/archives\/1080#primaryimage\"},\"image\":{\"@id\":\"https:\/\/www.la-chaumiere-normande.fr\/archives\/1080#primaryimage\"},\"thumbnailUrl\":\"https:\/\/www.la-chaumiere-normande.fr\/wp-content\/uploads\/2025\/11\/memorial.jpg\",\"datePublished\":\"2025-11-17T17:22:25+00:00\",\"dateModified\":\"2025-11-17T17:23:16+00:00\",\"breadcrumb\":{\"@id\":\"https:\/\/www.la-chaumiere-normande.fr\/archives\/1080#breadcrumb\"},\"inLanguage\":\"en-US\",\"potentialAction\":[{\"@type\":\"ReadAction\",\"target\":[\"https:\/\/www.la-chaumiere-normande.fr\/archives\/1080\"]}]},{\"@type\":\"ImageObject\",\"inLanguage\":\"en-US\",\"@id\":\"https:\/\/www.la-chaumiere-normande.fr\/archives\/1080#primaryimage\",\"url\":\"https:\/\/www.la-chaumiere-normande.fr\/wp-content\/uploads\/2025\/11\/memorial.jpg\",\"contentUrl\":\"https:\/\/www.la-chaumiere-normande.fr\/wp-content\/uploads\/2025\/11\/memorial.jpg\",\"width\":300,\"height\":180},{\"@type\":\"BreadcrumbList\",\"@id\":\"https:\/\/www.la-chaumiere-normande.fr\/archives\/1080#breadcrumb\",\"itemListElement\":[{\"@type\":\"ListItem\",\"position\":1,\"name\":\"Home\",\"item\":\"https:\/\/www.la-chaumiere-normande.fr\/\"},{\"@type\":\"ListItem\",\"position\":2,\"name\":\"M\u00e9morial de Caen (1h10\/115km)\"}]},{\"@type\":\"WebSite\",\"@id\":\"https:\/\/www.la-chaumiere-normande.fr\/fr\/#website\",\"url\":\"https:\/\/www.la-chaumiere-normande.fr\/fr\/\",\"name\":\"La Chaumiere Normande\",\"description\":\"\",\"publisher\":{\"@id\":\"https:\/\/www.la-chaumiere-normande.fr\/fr\/#organization\"},\"potentialAction\":[{\"@type\":\"SearchAction\",\"target\":{\"@type\":\"EntryPoint\",\"urlTemplate\":\"https:\/\/www.la-chaumiere-normande.fr\/fr\/?s={search_term_string}\"},\"query-input\":\"required name=search_term_string\"}],\"inLanguage\":\"en-US\"},{\"@type\":\"Organization\",\"@id\":\"https:\/\/www.la-chaumiere-normande.fr\/fr\/#organization\",\"name\":\"La Chaumiere Normande\",\"url\":\"https:\/\/www.la-chaumiere-normande.fr\/fr\/\",\"logo\":{\"@type\":\"ImageObject\",\"inLanguage\":\"en-US\",\"@id\":\"https:\/\/www.la-chaumiere-normande.fr\/fr\/#\/schema\/logo\/image\/\",\"url\":\"https:\/\/www.la-chaumiere-normande.fr\/wp-content\/uploads\/2023\/12\/cropped-logo_website.png\",\"contentUrl\":\"https:\/\/www.la-chaumiere-normande.fr\/wp-content\/uploads\/2023\/12\/cropped-logo_website.png\",\"width\":202,\"height\":150,\"caption\":\"La Chaumiere Normande\"},\"image\":{\"@id\":\"https:\/\/www.la-chaumiere-normande.fr\/fr\/#\/schema\/logo\/image\/\"}},{\"@type\":\"Person\",\"@id\":\"https:\/\/www.la-chaumiere-normande.fr\/fr\/#\/schema\/person\/d5acf5c76ba1e6576918a1a73dd18fce\",\"name\":\"la-chaumiere-normande\",\"image\":{\"@type\":\"ImageObject\",\"inLanguage\":\"en-US\",\"@id\":\"https:\/\/www.la-chaumiere-normande.fr\/fr\/#\/schema\/person\/image\/\",\"url\":\"https:\/\/secure.gravatar.com\/avatar\/740baff0b20f00e016bbb04c7cdc51509cab6ef8e638acee6e5c6ee2fba1b301?s=96&d=mm&r=g\",\"contentUrl\":\"https:\/\/secure.gravatar.com\/avatar\/740baff0b20f00e016bbb04c7cdc51509cab6ef8e638acee6e5c6ee2fba1b301?s=96&d=mm&r=g\",\"caption\":\"la-chaumiere-normande\"},\"sameAs\":[\"https:\/\/www.la-chaumiere-normande.fr\"],\"url\":\"https:\/\/www.la-chaumiere-normande.fr\/en\/archives\/author\/chaumiere-admin\"}]}<\/script>\n<!-- \/ Yoast SEO plugin. -->","yoast_head_json":{"title":"M\u00e9morial de Caen (1h10\/115km) - La Chaumiere Normande","robots":{"index":"index","follow":"follow","max-snippet":"max-snippet:-1","max-image-preview":"max-image-preview:large","max-video-preview":"max-video-preview:-1"},"canonical":"https:\/\/www.la-chaumiere-normande.fr\/en\/archives\/1080\/","og_locale":"en_US","og_type":"article","og_title":"M\u00e9morial de Caen (1h10\/115km) - La Chaumiere Normande","og_description":"Un des mus\u00e9es les plus proches de la Chaumi\u00e8re sur le th\u00e8me du d\u00e9barquement et de la Seconde Guerre Mondiale que nous conseillons vivement. Expositions temporaires et permanentes. Plusieurs salles de projeciton. Il y a moyen d&#8217;y passer la journ\u00e9e. Sur la route du retour, vous pouvez faire un crochet par le cimeti\u00e8re militaire de &hellip; prova \"M\u00e9morial de Caen (1h10\/115km)\"","og_url":"https:\/\/www.la-chaumiere-normande.fr\/en\/archives\/1080\/","og_site_name":"La Chaumiere Normande","article_published_time":"2025-11-17T17:22:25+00:00","article_modified_time":"2025-11-17T17:23:16+00:00","og_image":[{"width":300,"height":180,"url":"https:\/\/www.la-chaumiere-normande.fr\/wp-content\/uploads\/2025\/11\/memorial.jpg","type":"image\/jpeg"}],"author":"la-chaumiere-normande","twitter_card":"summary_large_image","twitter_misc":{"Written by":"la-chaumiere-normande","Est. reading time":"1 minute"},"schema":{"@context":"https:\/\/schema.org","@graph":[{"@type":"Article","@id":"https:\/\/www.la-chaumiere-normande.fr\/archives\/1080#article","isPartOf":{"@id":"https:\/\/www.la-chaumiere-normande.fr\/archives\/1080"},"author":{"name":"la-chaumiere-normande","@id":"https:\/\/www.la-chaumiere-normande.fr\/fr\/#\/schema\/person\/d5acf5c76ba1e6576918a1a73dd18fce"},"headline":"M\u00e9morial de Caen (1h10\/115km)","datePublished":"2025-11-17T17:22:25+00:00","dateModified":"2025-11-17T17:23:16+00:00","mainEntityOfPage":{"@id":"https:\/\/www.la-chaumiere-normande.fr\/archives\/1080"},"wordCount":125,"publisher":{"@id":"https:\/\/www.la-chaumiere-normande.fr\/fr\/#organization"},"image":{"@id":"https:\/\/www.la-chaumiere-normande.fr\/archives\/1080#primaryimage"},"thumbnailUrl":"https:\/\/www.la-chaumiere-normande.fr\/wp-content\/uploads\/2025\/11\/memorial.jpg","articleSection":["Sites \u00e0 d\u00e9couvrir"],"inLanguage":"en-US"},{"@type":"WebPage","@id":"https:\/\/www.la-chaumiere-normande.fr\/archives\/1080","url":"https:\/\/www.la-chaumiere-normande.fr\/archives\/1080","name":"M\u00e9morial de Caen (1h10\/115km) - La Chaumiere Normande","isPartOf":{"@id":"https:\/\/www.la-chaumiere-normande.fr\/fr\/#website"},"primaryImageOfPage":{"@id":"https:\/\/www.la-chaumiere-normande.fr\/archives\/1080#primaryimage"},"image":{"@id":"https:\/\/www.la-chaumiere-normande.fr\/archives\/1080#primaryimage"},"thumbnailUrl":"https:\/\/www.la-chaumiere-normande.fr\/wp-content\/uploads\/2025\/11\/memorial.jpg","datePublished":"2025-11-17T17:22:25+00:00","dateModified":"2025-11-17T17:23:16+00:00","breadcrumb":{"@id":"https:\/\/www.la-chaumiere-normande.fr\/archives\/1080#breadcrumb"},"inLanguage":"en-US","potentialAction":[{"@type":"ReadAction","target":["https:\/\/www.la-chaumiere-normande.fr\/archives\/1080"]}]},{"@type":"ImageObject","inLanguage":"en-US","@id":"https:\/\/www.la-chaumiere-normande.fr\/archives\/1080#primaryimage","url":"https:\/\/www.la-chaumiere-normande.fr\/wp-content\/uploads\/2025\/11\/memorial.jpg","contentUrl":"https:\/\/www.la-chaumiere-normande.fr\/wp-content\/uploads\/2025\/11\/memorial.jpg","width":300,"height":180},{"@type":"BreadcrumbList","@id":"https:\/\/www.la-chaumiere-normande.fr\/archives\/1080#breadcrumb","itemListElement":[{"@type":"ListItem","position":1,"name":"Home","item":"https:\/\/www.la-chaumiere-normande.fr\/"},{"@type":"ListItem","position":2,"name":"M\u00e9morial de Caen (1h10\/115km)"}]},{"@type":"WebSite","@id":"https:\/\/www.la-chaumiere-normande.fr\/fr\/#website","url":"https:\/\/www.la-chaumiere-normande.fr\/fr\/","name":"La Chaumiere Normande","description":"","publisher":{"@id":"https:\/\/www.la-chaumiere-normande.fr\/fr\/#organization"},"potentialAction":[{"@type":"SearchAction","target":{"@type":"EntryPoint","urlTemplate":"https:\/\/www.la-chaumiere-normande.fr\/fr\/?s={search_term_string}"},"query-input":"required name=search_term_string"}],"inLanguage":"en-US"},{"@type":"Organization","@id":"https:\/\/www.la-chaumiere-normande.fr\/fr\/#organization","name":"La Chaumiere Normande","url":"https:\/\/www.la-chaumiere-normande.fr\/fr\/","logo":{"@type":"ImageObject","inLanguage":"en-US","@id":"https:\/\/www.la-chaumiere-normande.fr\/fr\/#\/schema\/logo\/image\/","url":"https:\/\/www.la-chaumiere-normande.fr\/wp-content\/uploads\/2023\/12\/cropped-logo_website.png","contentUrl":"https:\/\/www.la-chaumiere-normande.fr\/wp-content\/uploads\/2023\/12\/cropped-logo_website.png","width":202,"height":150,"caption":"La Chaumiere Normande"},"image":{"@id":"https:\/\/www.la-chaumiere-normande.fr\/fr\/#\/schema\/logo\/image\/"}},{"@type":"Person","@id":"https:\/\/www.la-chaumiere-normande.fr\/fr\/#\/schema\/person\/d5acf5c76ba1e6576918a1a73dd18fce","name":"la-chaumiere-normande","image":{"@type":"ImageObject","inLanguage":"en-US","@id":"https:\/\/www.la-chaumiere-normande.fr\/fr\/#\/schema\/person\/image\/","url":"https:\/\/secure.gravatar.com\/avatar\/740baff0b20f00e016bbb04c7cdc51509cab6ef8e638acee6e5c6ee2fba1b301?s=96&d=mm&r=g","contentUrl":"https:\/\/secure.gravatar.com\/avatar\/740baff0b20f00e016bbb04c7cdc51509cab6ef8e638acee6e5c6ee2fba1b301?s=96&d=mm&r=g","caption":"la-chaumiere-normande"},"sameAs":["https:\/\/www.la-chaumiere-normande.fr"],"url":"https:\/\/www.la-chaumiere-normande.fr\/en\/archives\/author\/chaumiere-admin"}]}},"_links":{"self":[{"href":"https:\/\/www.la-chaumiere-normande.fr\/en\/wp-json\/wp\/v2\/posts\/1080","targetHints":{"allow":["GET"]}}],"collection":[{"href":"https:\/\/www.la-chaumiere-normande.fr\/en\/wp-json\/wp\/v2\/posts"}],"about":[{"href":"https:\/\/www.la-chaumiere-normande.fr\/en\/wp-json\/wp\/v2\/types\/post"}],"author":[{"embeddable":true,"href":"https:\/\/www.la-chaumiere-normande.fr\/en\/wp-json\/wp\/v2\/users\/1"}],"replies":[{"embeddable":true,"href":"https:\/\/www.la-chaumiere-normande.fr\/en\/wp-json\/wp\/v2\/comments?post=1080"}],"version-history":[{"count":1,"href":"https:\/\/www.la-chaumiere-normande.fr\/en\/wp-json\/wp\/v2\/posts\/1080\/revisions"}],"predecessor-version":[{"id":1082,"href":"https:\/\/www.la-chaumiere-normande.fr\/en\/wp-json\/wp\/v2\/posts\/1080\/revisions\/1082"}],"wp:featuredmedia":[{"embeddable":true,"href":"https:\/\/www.la-chaumiere-normande.fr\/en\/wp-json\/wp\/v2\/media\/1081"}],"wp:attachment":[{"href":"https:\/\/www.la-chaumiere-normande.fr\/en\/wp-json\/wp\/v2\/media?parent=1080"}],"wp:term":[{"taxonomy":"category","embeddable":true,"href":"https:\/\/www.la-chaumiere-normande.fr\/en\/wp-json\/wp\/v2\/categories?post=1080"},{"taxonomy":"post_tag","embeddable":true,"href":"https:\/\/www.la-chaumiere-normande.fr\/en\/wp-json\/wp\/v2\/tags?post=1080"}],"curies":[{"name":"wp","href":"https:\/\/api.w.org\/{rel}","templated":true}]}}